{"id":603,"date":"2021-10-05T07:48:28","date_gmt":"2021-10-05T07:48:28","guid":{"rendered":"http:\/\/lebendiges-oftersheim.de\/?p=603"},"modified":"2021-10-05T08:03:14","modified_gmt":"2021-10-05T08:03:14","slug":"oftersheimer-hof-flohmarktladen","status":"publish","type":"post","link":"http:\/\/lebendiges-oftersheim.de\/?p=603","title":{"rendered":"Oftersheimer Hof-Flohmarktladen"},"content":{"rendered":"\t\t<div data-elementor-type=\"wp-post\" data-elementor-id=\"603\" class=\"elementor elementor-603\" data-elementor-settings=\"[]\">\n\t\t\t\t\t\t<div class=\"elementor-inner\">\n\t\t\t\t\t\t\t<div class=\"elementor-section-wrap\">\n\t\t\t\t\t\t\t<section class=\"elementor-section elementor-top-section elementor-element elementor-element-893e5bc elementor-section-boxed elementor-section-height-default elementor-section-height-default\" data-id=\"893e5bc\" data-element_type=\"section\">\n\t\t\t\t\t\t<div class=\"elementor-container elementor-column-gap-default\">\n\t\t\t\t\t\t\t<div class=\"elementor-row\">\n\t\t\t\t\t<div class=\"elementor-column elementor-col-100 elementor-top-column elementor-element elementor-element-e4eeeb5\" data-id=\"e4eeeb5\" data-element_type=\"column\">\n\t\t\t<div class=\"elementor-column-wrap elementor-element-populated\">\n\t\t\t\t\t\t\t<div class=\"elementor-widget-wrap\">\n\t\t\t\t\t\t<div class=\"elementor-element elementor-element-316c24b elementor-widget elementor-widget-text-editor\" data-id=\"316c24b\" data-element_type=\"widget\" data-widget_type=\"text-editor.default\">\n\t\t\t\t<div class=\"elementor-widget-container\">\n\t\t\t\t\t<div class=\"elementor-text-editor elementor-clearfix\"><h1><span style=\"color: #99cc00;\">Am 23. Oktober 2021 geht ganz Oftersheim auf die Stra\u00dfe \u2013 <\/span><br \/><span style=\"color: #99cc00;\">ganz Oftersheim?<\/span><\/h1><h3>Aber sicher, wenn alle beim 1. Oftersheimer Hof-Flohmarkt mitmachen!<\/h3><\/div>\n\t\t\t\t<\/div>\n\t\t\t\t<\/div>\n\t\t\t\t\t\t<\/div>\n\t\t\t\t\t<\/div>\n\t\t<\/div>\n\t\t\t\t\t\t\t\t<\/div>\n\t\t\t\t\t<\/div>\n\t\t<\/section>\n\t\t\t\t<section class=\"elementor-section elementor-top-section elementor-element elementor-element-3ec2443 elementor-section-boxed elementor-section-height-default elementor-section-height-default\" data-id=\"3ec2443\" data-element_type=\"section\">\n\t\t\t\t\t\t<div class=\"elementor-container elementor-column-gap-default\">\n\t\t\t\t\t\t\t<div class=\"elementor-row\">\n\t\t\t\t\t<div class=\"elementor-column elementor-col-100 elementor-top-column elementor-element elementor-element-afb62ea\" data-id=\"afb62ea\" data-element_type=\"column\">\n\t\t\t<div class=\"elementor-column-wrap elementor-element-populated\">\n\t\t\t\t\t\t\t<div class=\"elementor-widget-wrap\">\n\t\t\t\t\t\t<div class=\"elementor-element elementor-element-f43fadc elementor-widget elementor-widget-text-editor\" data-id=\"f43fadc\" data-element_type=\"widget\" data-widget_type=\"text-editor.default\">\n\t\t\t\t<div class=\"elementor-widget-container\">\n\t\t\t\t\t<div class=\"elementor-text-editor elementor-clearfix\"><p>Die Gewerbetreibenden von \u201eLebendiges Oftersheim e.V.\u201c laden alle Oftersheimer am Samstag, den 23. Oktober 2021 zum 1. Oftersheimer Hof-Flohmarkt ein!<\/p><p>Jeder Oftersheimer kann hier in der Zeit von 10.00 bis 14.00 Uhr teilnehmen und in seinem eigenen Hof oder Vorplatz den eigenen Flohmarktstand anmelden und seine Artikel den Besuchern anbieten.<\/p><p>Die Anmeldung erfolgt mit dem Ausf\u00fcllen und Absenden des Formulars auf der Website www.lebendiges-oftersheim.de. Jeder angemeldete Hof-Flohmarkt, wird in einer eigens f\u00fcr diesen Tag erstellten Google-Map eingetragen. Der Link zur Hof-Flohmarkt-Karte kann dann ab dem 20. Oktober 2021 auf der Homepage heruntergeladen werden.<\/p><h3><span style=\"color: #99cc00;\">Spielregeln:<\/span><\/h3><ul><li>Jeder Verk\u00e4ufer (Teilnehmer) ist Veranstalter auf seinem Grundst\u00fcck und somit f\u00fcr die Einhaltung der aktuellen Hygieneverordnungen des Landes verantwortlich.<\/li><li>Bitte nehmen Sie R\u00fccksicht auf Ihre Nachbarn und vermeiden Sie M\u00fcll.<\/li><li>Verkehrs- und Rettungswege snd stets frei zu halten<\/li><li>Maskenpflicht, wenn ein Abstand von 1,5 Metern nicht einzuhalten ist<\/li><li>Regelm\u00e4\u00dfiges Reinigen der Oberfl\u00e4chen und <span style=\"color: #99cc00;\">Gegenst\u00e4nde<\/span><\/li><\/ul><h3><span style=\"color: #99cc00;\">Anmeldeschluss:<\/span><\/h3><h3>15. Oktober 2021<\/h3><\/div>\n\t\t\t\t<\/div>\n\t\t\t\t<\/div>\n\t\t\t\t\t\t<\/div>\n\t\t\t\t\t<\/div>\n\t\t<\/div>\n\t\t\t\t\t\t\t\t<\/div>\n\t\t\t\t\t<\/div>\n\t\t<\/section>\n\t\t\t\t<section class=\"elementor-section elementor-top-section elementor-element elementor-element-9aae32e elementor-section-boxed elementor-section-height-default elementor-section-height-default\" data-id=\"9aae32e\" data-element_type=\"section\">\n\t\t\t\t\t\t<div class=\"elementor-container elementor-column-gap-default\">\n\t\t\t\t\t\t\t<div class=\"elementor-row\">\n\t\t\t\t\t<div class=\"elementor-column elementor-col-100 elementor-top-column elementor-element elementor-element-5c0b582\" data-id=\"5c0b582\" data-element_type=\"column\">\n\t\t\t<div class=\"elementor-column-wrap elementor-element-populated\">\n\t\t\t\t\t\t\t<div class=\"elementor-widget-wrap\">\n\t\t\t\t\t\t<div class=\"elementor-element elementor-element-569452a elementor-align-center elementor-widget elementor-widget-button\" data-id=\"569452a\" data-element_type=\"widget\" data-widget_type=\"button.default\">\n\t\t\t\t<div class=\"elementor-widget-container\">\n\t\t\t\t\t<div class=\"elementor-button-wrapper\">\n\t\t\t<a href=\"http:\/\/lebendiges-oftersheim.de\/?page_id=570\" class=\"elementor-button-link elementor-button elementor-size-sm\" role=\"button\">\n\t\t\t\t\t\t<span class=\"elementor-button-content-wrapper\">\n\t\t\t\t\t\t<span class=\"elementor-button-text\">Hier geht es zur Anmeldung<\/span>\n\t\t<\/span>\n\t\t\t\t\t<\/a>\n\t\t<\/div>\n\t\t\t\t<\/div>\n\t\t\t\t<\/div>\n\t\t\t\t\t\t<\/div>\n\t\t\t\t\t<\/div>\n\t\t<\/div>\n\t\t\t\t\t\t\t\t<\/div>\n\t\t\t\t\t<\/div>\n\t\t<\/section>\n\t\t\t\t\t\t<\/div>\n\t\t\t\t\t\t<\/div>\n\t\t\t\t\t<\/div>\n\t\t","protected":false},"excerpt":{"rendered":"<p>Am 23. Oktober 2021 geht ganz Oftersheim auf die Stra\u00dfe \u2013 ganz Oftersheim? Aber sicher, wenn alle beim 1. Oftersheimer Hof-Flohmarkt mitmachen! Die Gewerbetreibenden von \u201eLebendiges Oftersheim e.V.\u201c laden alle Oftersheimer am Samstag, den 23. Oktober 2021 zum 1. Oftersheimer Hof-Flohmarkt ein! Jeder Oftersheimer kann hier in der Zeit von 10.00 bis 14.00 Uhr teilnehmen [&hellip;]<\/p>\n","protected":false},"author":3,"featured_media":0,"comment_status":"open","ping_status":"open","sticky":false,"template":"","format":"standard","meta":[],"categories":[1],"tags":[],"_links":{"self":[{"href":"http:\/\/lebendiges-oftersheim.de\/index.php?rest_route=\/wp\/v2\/posts\/603"}],"collection":[{"href":"http:\/\/lebendiges-oftersheim.de\/index.php?rest_route=\/wp\/v2\/posts"}],"about":[{"href":"http:\/\/lebendiges-oftersheim.de\/index.php?rest_route=\/wp\/v2\/types\/post"}],"author":[{"embeddable":true,"href":"http:\/\/lebendiges-oftersheim.de\/index.php?rest_route=\/wp\/v2\/users\/3"}],"replies":[{"embeddable":true,"href":"http:\/\/lebendiges-oftersheim.de\/index.php?rest_route=%2Fwp%2Fv2%2Fcomments&post=603"}],"version-history":[{"count":12,"href":"http:\/\/lebendiges-oftersheim.de\/index.php?rest_route=\/wp\/v2\/posts\/603\/revisions"}],"predecessor-version":[{"id":619,"href":"http:\/\/lebendiges-oftersheim.de\/index.php?rest_route=\/wp\/v2\/posts\/603\/revisions\/619"}],"wp:attachment":[{"href":"http:\/\/lebendiges-oftersheim.de\/index.php?rest_route=%2Fwp%2Fv2%2Fmedia&parent=603"}],"wp:term":[{"taxonomy":"category","embeddable":true,"href":"http:\/\/lebendiges-oftersheim.de\/index.php?rest_route=%2Fwp%2Fv2%2Fcategories&post=603"},{"taxonomy":"post_tag","embeddable":true,"href":"http:\/\/lebendiges-oftersheim.de\/index.php?rest_route=%2Fwp%2Fv2%2Ftags&post=603"}],"curies":[{"name":"wp","href":"https:\/\/api.w.org\/{rel}","templated":true}]}}